{"id":958,"date":"2019-03-11T11:54:06","date_gmt":"2019-03-11T10:54:06","guid":{"rendered":"https:\/\/jesle2.zlin.eu\/tyrsovo-nabrezi\/2018\/03\/06\/velikonocni-tvoreni\/"},"modified":"2025-03-19T10:14:05","modified_gmt":"2025-03-19T09:14:05","slug":"velikonocni-tvoreni-2","status":"publish","type":"post","link":"https:\/\/jesle.zlin.eu\/tyrsovo-nabrezi\/2019\/03\/11\/velikonocni-tvoreni-2\/","title":{"rendered":"VELIKONO\u010cN\u00cd TVO\u0158EN\u00cd"},"content":{"rendered":"<p>V\u00e1\u017een\u00ed rodi\u010de, dne 4.4. 2019<\/p>\n<p>od 14.00 hodin\u00a0do 16.00 hodin<\/p>\n<p>V\u00e1s srde\u010dn\u011b zveme\u00a0na tvo\u0159iv\u00e9 odpoledne s Va\u0161imi d\u011btmi.<\/p>\n<p>&nbsp;<\/p>\n","protected":false},"excerpt":{"rendered":"<p>V\u00e1\u017een\u00ed rodi\u010de, dne 4.4. 2019 od 14.00 hodin\u00a0do 16.00 hodin V\u00e1s srde\u010dn\u011b zveme\u00a0na tvo\u0159iv\u00e9 odpoledne s Va\u0161imi d\u011btmi. &nbsp;<\/p>\n","protected":false},"author":1,"featured_media":1478,"comment_status":"closed","ping_status":"closed","sticky":false,"template":"","format":"standard","meta":{"_uag_custom_page_level_css":"","footnotes":""},"categories":[5],"tags":[],"class_list":["post-958","post","type-post","status-publish","format-standard","has-post-thumbnail","hentry","category-aktuality"],"uagb_featured_image_src":{"full":["https:\/\/jesle.zlin.eu\/tyrsovo-nabrezi\/wp-content\/uploads\/sites\/4\/site\/\/2\/P1120245.jpg",1155,866,false],"thumbnail":["https:\/\/jesle.zlin.eu\/tyrsovo-nabrezi\/wp-content\/uploads\/sites\/4\/site\/\/2\/P1120245-150x150.jpg",150,150,true],"medium":["https:\/\/jesle.zlin.eu\/tyrsovo-nabrezi\/wp-content\/uploads\/sites\/4\/site\/\/2\/P1120245-300x225.jpg",300,225,true],"medium_large":["https:\/\/jesle.zlin.eu\/tyrsovo-nabrezi\/wp-content\/uploads\/sites\/4\/site\/\/2\/P1120245-768x576.jpg",768,576,true],"large":["https:\/\/jesle.zlin.eu\/tyrsovo-nabrezi\/wp-content\/uploads\/sites\/4\/site\/\/2\/P1120245-1024x768.jpg",1024,768,true],"1536x1536":["https:\/\/jesle.zlin.eu\/tyrsovo-nabrezi\/wp-content\/uploads\/sites\/4\/site\/\/2\/P1120245.jpg",1155,866,false],"2048x2048":["https:\/\/jesle.zlin.eu\/tyrsovo-nabrezi\/wp-content\/uploads\/sites\/4\/site\/\/2\/P1120245.jpg",1155,866,false]},"uagb_author_info":{"display_name":"adminJesle","author_link":"https:\/\/jesle.zlin.eu\/tyrsovo-nabrezi\/author\/adminjesle\/"},"uagb_comment_info":0,"uagb_excerpt":"V\u00e1\u017een\u00ed rodi\u010de, dne 4.4. 2019 od 14.00 hodin\u00a0do 16.00 hodin V\u00e1s srde\u010dn\u011b zveme\u00a0na tvo\u0159iv\u00e9 odpoledne s Va\u0161imi d\u011btmi. &nbsp;","_links":{"self":[{"href":"https:\/\/jesle.zlin.eu\/tyrsovo-nabrezi\/wp-json\/wp\/v2\/posts\/958","targetHints":{"allow":["GET"]}}],"collection":[{"href":"https:\/\/jesle.zlin.eu\/tyrsovo-nabrezi\/wp-json\/wp\/v2\/posts"}],"about":[{"href":"https:\/\/jesle.zlin.eu\/tyrsovo-nabrezi\/wp-json\/wp\/v2\/types\/post"}],"author":[{"embeddable":true,"href":"https:\/\/jesle.zlin.eu\/tyrsovo-nabrezi\/wp-json\/wp\/v2\/users\/1"}],"replies":[{"embeddable":true,"href":"https:\/\/jesle.zlin.eu\/tyrsovo-nabrezi\/wp-json\/wp\/v2\/comments?post=958"}],"version-history":[{"count":5,"href":"https:\/\/jesle.zlin.eu\/tyrsovo-nabrezi\/wp-json\/wp\/v2\/posts\/958\/revisions"}],"predecessor-version":[{"id":4186,"href":"https:\/\/jesle.zlin.eu\/tyrsovo-nabrezi\/wp-json\/wp\/v2\/posts\/958\/revisions\/4186"}],"wp:featuredmedia":[{"embeddable":true,"href":"https:\/\/jesle.zlin.eu\/tyrsovo-nabrezi\/wp-json\/wp\/v2\/media\/1478"}],"wp:attachment":[{"href":"https:\/\/jesle.zlin.eu\/tyrsovo-nabrezi\/wp-json\/wp\/v2\/media?parent=958"}],"wp:term":[{"taxonomy":"category","embeddable":true,"href":"https:\/\/jesle.zlin.eu\/tyrsovo-nabrezi\/wp-json\/wp\/v2\/categories?post=958"},{"taxonomy":"post_tag","embeddable":true,"href":"https:\/\/jesle.zlin.eu\/tyrsovo-nabrezi\/wp-json\/wp\/v2\/tags?post=958"}],"curies":[{"name":"wp","href":"https:\/\/api.w.org\/{rel}","templated":true}]}}