{"id":4504,"date":"2025-06-26T10:16:28","date_gmt":"2025-06-26T08:16:28","guid":{"rendered":"https:\/\/jesle.zlin.eu\/tyrsovo-nabrezi\/?p=4504"},"modified":"2025-06-26T10:40:31","modified_gmt":"2025-06-26T08:40:31","slug":"uzavreni-zarizeni-v-dobe-letnich-prazdnin","status":"publish","type":"post","link":"https:\/\/jesle.zlin.eu\/tyrsovo-nabrezi\/2025\/06\/26\/uzavreni-zarizeni-v-dobe-letnich-prazdnin\/","title":{"rendered":"UZAV\u0158EN\u00cd ZA\u0158\u00cdZEN\u00cd V DOB\u011a LETN\u00cdCH PR\u00c1ZDNIN"},"content":{"rendered":"\n<h2 class=\"wp-block-heading\"><strong>V\u00c1\u017dEN\u00cd RODI\u010cE<\/strong><\/h2>\n\n\n\n<p>JESLE TYR\u0160OVO N\u00c1B\u0158E\u017d\u00cd 747 BUDOU V&nbsp;DOB\u011a LETN\u00cdCH PR\u00c1ZDNIN UZAV\u0158ENY<\/p>\n\n\n\n<p>OD<strong> 4.8.2025 <\/strong>DO<strong> 24.8.2025<\/strong><\/p>\n\n\n\n<p>PROVOZ BUDE OP\u011aT ZAH\u00c1JEN<\/p>\n\n\n\n<p><strong>25.8.2025<\/strong><\/p>\n\n\n\n<p><\/p>\n","protected":false},"excerpt":{"rendered":"<p>V\u00c1\u017dEN\u00cd RODI\u010cE JESLE TYR\u0160OVO N\u00c1B\u0158E\u017d\u00cd 747 BUDOU V&nbsp;DOB\u011a LETN\u00cdCH PR\u00c1ZDNIN UZAV\u0158ENY OD 4.8.2025 DO 24.8.2025 PROVOZ BUDE OP\u011aT ZAH\u00c1JEN 25.8.2025<\/p>\n","protected":false},"author":6,"featured_media":4383,"comment_status":"open","ping_status":"open","sticky":false,"template":"","format":"standard","meta":{"_uag_custom_page_level_css":"","footnotes":""},"categories":[5],"tags":[],"class_list":["post-4504","post","type-post","status-publish","format-standard","has-post-thumbnail","hentry","category-aktuality"],"uagb_featured_image_src":{"full":["https:\/\/jesle.zlin.eu\/tyrsovo-nabrezi\/wp-content\/uploads\/sites\/4\/2025\/05\/IMG_4579.jpg",1155,866,false],"thumbnail":["https:\/\/jesle.zlin.eu\/tyrsovo-nabrezi\/wp-content\/uploads\/sites\/4\/2025\/05\/IMG_4579-150x150.jpg",150,150,true],"medium":["https:\/\/jesle.zlin.eu\/tyrsovo-nabrezi\/wp-content\/uploads\/sites\/4\/2025\/05\/IMG_4579-300x225.jpg",300,225,true],"medium_large":["https:\/\/jesle.zlin.eu\/tyrsovo-nabrezi\/wp-content\/uploads\/sites\/4\/2025\/05\/IMG_4579-768x576.jpg",768,576,true],"large":["https:\/\/jesle.zlin.eu\/tyrsovo-nabrezi\/wp-content\/uploads\/sites\/4\/2025\/05\/IMG_4579-1024x768.jpg",1024,768,true],"1536x1536":["https:\/\/jesle.zlin.eu\/tyrsovo-nabrezi\/wp-content\/uploads\/sites\/4\/2025\/05\/IMG_4579.jpg",1155,866,false],"2048x2048":["https:\/\/jesle.zlin.eu\/tyrsovo-nabrezi\/wp-content\/uploads\/sites\/4\/2025\/05\/IMG_4579.jpg",1155,866,false]},"uagb_author_info":{"display_name":"vedoucit","author_link":"https:\/\/jesle.zlin.eu\/tyrsovo-nabrezi\/author\/vedoucit\/"},"uagb_comment_info":0,"uagb_excerpt":"V\u00c1\u017dEN\u00cd RODI\u010cE JESLE TYR\u0160OVO N\u00c1B\u0158E\u017d\u00cd 747 BUDOU V&nbsp;DOB\u011a LETN\u00cdCH PR\u00c1ZDNIN UZAV\u0158ENY OD 4.8.2025 DO 24.8.2025 PROVOZ BUDE OP\u011aT ZAH\u00c1JEN 25.8.2025","_links":{"self":[{"href":"https:\/\/jesle.zlin.eu\/tyrsovo-nabrezi\/wp-json\/wp\/v2\/posts\/4504","targetHints":{"allow":["GET"]}}],"collection":[{"href":"https:\/\/jesle.zlin.eu\/tyrsovo-nabrezi\/wp-json\/wp\/v2\/posts"}],"about":[{"href":"https:\/\/jesle.zlin.eu\/tyrsovo-nabrezi\/wp-json\/wp\/v2\/types\/post"}],"author":[{"embeddable":true,"href":"https:\/\/jesle.zlin.eu\/tyrsovo-nabrezi\/wp-json\/wp\/v2\/users\/6"}],"replies":[{"embeddable":true,"href":"https:\/\/jesle.zlin.eu\/tyrsovo-nabrezi\/wp-json\/wp\/v2\/comments?post=4504"}],"version-history":[{"count":1,"href":"https:\/\/jesle.zlin.eu\/tyrsovo-nabrezi\/wp-json\/wp\/v2\/posts\/4504\/revisions"}],"predecessor-version":[{"id":4505,"href":"https:\/\/jesle.zlin.eu\/tyrsovo-nabrezi\/wp-json\/wp\/v2\/posts\/4504\/revisions\/4505"}],"wp:featuredmedia":[{"embeddable":true,"href":"https:\/\/jesle.zlin.eu\/tyrsovo-nabrezi\/wp-json\/wp\/v2\/media\/4383"}],"wp:attachment":[{"href":"https:\/\/jesle.zlin.eu\/tyrsovo-nabrezi\/wp-json\/wp\/v2\/media?parent=4504"}],"wp:term":[{"taxonomy":"category","embeddable":true,"href":"https:\/\/jesle.zlin.eu\/tyrsovo-nabrezi\/wp-json\/wp\/v2\/categories?post=4504"},{"taxonomy":"post_tag","embeddable":true,"href":"https:\/\/jesle.zlin.eu\/tyrsovo-nabrezi\/wp-json\/wp\/v2\/tags?post=4504"}],"curies":[{"name":"wp","href":"https:\/\/api.w.org\/{rel}","templated":true}]}}