{"id":367,"date":"2017-01-03T09:14:23","date_gmt":"2017-01-03T08:14:23","guid":{"rendered":"https:\/\/jesle2.zlin.eu\/tyrsovo-nabrezi\/2017\/01\/03\/prace-s-detmi-v-mesici-lednu\/"},"modified":"2025-03-19T10:13:55","modified_gmt":"2025-03-19T09:13:55","slug":"prace-s-detmi-v-mesici-lednu","status":"publish","type":"post","link":"https:\/\/jesle.zlin.eu\/tyrsovo-nabrezi\/2017\/01\/03\/prace-s-detmi-v-mesici-lednu\/","title":{"rendered":"Pr\u00e1ce s d\u011btmi v m\u011bs\u00edci lednu"},"content":{"rendered":"<p><span style=\"color: #000000;font-family: Times New Roman\">Mrzne, sn\u011b\u017e\u00ed to to zebe,<\/span><\/p>\n<p><span style=\"color: #000000;font-family: Times New Roman\">hodn\u011b sn\u011bhu spadlo z nebe,<\/span><\/p>\n<p><span style=\"color: #000000;font-family: Times New Roman\">pt\u00e1\u010dkov\u00e9 te\u010f starost maj\u00ed,<\/span><\/p>\n<p><span style=\"color: #000000;font-family: Times New Roman\">jak potravu obstaraj\u00ed.<\/span><\/p>\n<p><span style=\"color: #000000;font-family: Times New Roman\">Kde jsou v dom\u011b hodn\u00e1 d\u00edtka,<\/span><\/p>\n<p><span style=\"color: #000000;font-family: Times New Roman\">d\u00e1vaj\u00ed jim do krm\u00edtka, trochu zrn\u00ed,\u00a0<\/span><\/p>\n<p><span style=\"color: #000000;font-family: Times New Roman\">trochu m\u00e1\u010dku a\u0165 si daj\u00ed do zob\u00e1\u010dku.<\/span><!--more--><\/p>\n<p>&nbsp;<\/p>\n<p style=\"text-align: center\"><strong>S D\u011aTMI POZN\u00c1V\u00c1ME M\u011aS\u00cdC LEDEN<\/strong><\/p>\n<p style=\"text-align: center\"><span style=\"color: #000000;font-family: Calibri\">\u00a0<a href=\"http:\/\/www.jesle.zlin.eu\/tyrsovo-nabrezi\/wp-content\/uploads\/sites\/2\/2017\/01\/MOT\u00ddLCI-leden.pdf\" rel=\"\">motylci-leden<\/a><\/span><\/p>\n<p style=\"text-align: center\"><span style=\"color: #000000;font-family: Calibri\"> <a href=\"http:\/\/www.jesle.zlin.eu\/tyrsovo-nabrezi\/wp-content\/uploads\/sites\/2\/2017\/01\/BERU\u0160KY-leden.pdf\" rel=\"\">berusky-leden<\/a><\/span><\/p>\n<p>&nbsp;<\/p>\n","protected":false},"excerpt":{"rendered":"<p>Mrzne, sn\u011b\u017e\u00ed to to zebe, hodn\u011b sn\u011bhu spadlo z nebe, pt\u00e1\u010dkov\u00e9 te\u010f starost maj\u00ed, jak potravu obstaraj\u00ed. Kde jsou v dom\u011b hodn\u00e1 d\u00edtka, d\u00e1vaj\u00ed jim do krm\u00edtka, trochu zrn\u00ed,\u00a0 trochu m\u00e1\u010dku a\u0165 si daj\u00ed do zob\u00e1\u010dku.<\/p>\n","protected":false},"author":1,"featured_media":368,"comment_status":"closed","ping_status":"closed","sticky":false,"template":"","format":"standard","meta":{"_uag_custom_page_level_css":"","footnotes":""},"categories":[5],"tags":[],"class_list":["post-367","post","type-post","status-publish","format-standard","has-post-thumbnail","hentry","category-aktuality"],"uagb_featured_image_src":{"full":["https:\/\/jesle.zlin.eu\/tyrsovo-nabrezi\/wp-content\/uploads\/sites\/4\/site\/\/2\/P1060981.jpg",1155,866,false],"thumbnail":["https:\/\/jesle.zlin.eu\/tyrsovo-nabrezi\/wp-content\/uploads\/sites\/4\/site\/\/2\/P1060981-150x150.jpg",150,150,true],"medium":["https:\/\/jesle.zlin.eu\/tyrsovo-nabrezi\/wp-content\/uploads\/sites\/4\/site\/\/2\/P1060981-300x225.jpg",300,225,true],"medium_large":["https:\/\/jesle.zlin.eu\/tyrsovo-nabrezi\/wp-content\/uploads\/sites\/4\/site\/\/2\/P1060981-768x576.jpg",768,576,true],"large":["https:\/\/jesle.zlin.eu\/tyrsovo-nabrezi\/wp-content\/uploads\/sites\/4\/site\/\/2\/P1060981-1024x768.jpg",1024,768,true],"1536x1536":["https:\/\/jesle.zlin.eu\/tyrsovo-nabrezi\/wp-content\/uploads\/sites\/4\/site\/\/2\/P1060981.jpg",1155,866,false],"2048x2048":["https:\/\/jesle.zlin.eu\/tyrsovo-nabrezi\/wp-content\/uploads\/sites\/4\/site\/\/2\/P1060981.jpg",1155,866,false]},"uagb_author_info":{"display_name":"adminJesle","author_link":"https:\/\/jesle.zlin.eu\/tyrsovo-nabrezi\/author\/adminjesle\/"},"uagb_comment_info":0,"uagb_excerpt":"Mrzne, sn\u011b\u017e\u00ed to to zebe, hodn\u011b sn\u011bhu spadlo z nebe, pt\u00e1\u010dkov\u00e9 te\u010f starost maj\u00ed, jak potravu obstaraj\u00ed. Kde jsou v dom\u011b hodn\u00e1 d\u00edtka, d\u00e1vaj\u00ed jim do krm\u00edtka, trochu zrn\u00ed,\u00a0 trochu m\u00e1\u010dku a\u0165 si daj\u00ed do zob\u00e1\u010dku.","_links":{"self":[{"href":"https:\/\/jesle.zlin.eu\/tyrsovo-nabrezi\/wp-json\/wp\/v2\/posts\/367","targetHints":{"allow":["GET"]}}],"collection":[{"href":"https:\/\/jesle.zlin.eu\/tyrsovo-nabrezi\/wp-json\/wp\/v2\/posts"}],"about":[{"href":"https:\/\/jesle.zlin.eu\/tyrsovo-nabrezi\/wp-json\/wp\/v2\/types\/post"}],"author":[{"embeddable":true,"href":"https:\/\/jesle.zlin.eu\/tyrsovo-nabrezi\/wp-json\/wp\/v2\/users\/1"}],"replies":[{"embeddable":true,"href":"https:\/\/jesle.zlin.eu\/tyrsovo-nabrezi\/wp-json\/wp\/v2\/comments?post=367"}],"version-history":[{"count":1,"href":"https:\/\/jesle.zlin.eu\/tyrsovo-nabrezi\/wp-json\/wp\/v2\/posts\/367\/revisions"}],"predecessor-version":[{"id":3976,"href":"https:\/\/jesle.zlin.eu\/tyrsovo-nabrezi\/wp-json\/wp\/v2\/posts\/367\/revisions\/3976"}],"wp:featuredmedia":[{"embeddable":true,"href":"https:\/\/jesle.zlin.eu\/tyrsovo-nabrezi\/wp-json\/wp\/v2\/media\/368"}],"wp:attachment":[{"href":"https:\/\/jesle.zlin.eu\/tyrsovo-nabrezi\/wp-json\/wp\/v2\/media?parent=367"}],"wp:term":[{"taxonomy":"category","embeddable":true,"href":"https:\/\/jesle.zlin.eu\/tyrsovo-nabrezi\/wp-json\/wp\/v2\/categories?post=367"},{"taxonomy":"post_tag","embeddable":true,"href":"https:\/\/jesle.zlin.eu\/tyrsovo-nabrezi\/wp-json\/wp\/v2\/tags?post=367"}],"curies":[{"name":"wp","href":"https:\/\/api.w.org\/{rel}","templated":true}]}}