{"id":3480,"date":"2023-12-20T11:38:43","date_gmt":"2023-12-20T10:38:43","guid":{"rendered":"https:\/\/jesle2.zlin.eu\/tyrsovo-nabrezi\/2023\/12\/20\/vanocni-prazdniny\/"},"modified":"2025-03-19T10:14:30","modified_gmt":"2025-03-19T09:14:30","slug":"vanocni-prazdniny","status":"publish","type":"post","link":"https:\/\/jesle.zlin.eu\/tyrsovo-nabrezi\/2023\/12\/20\/vanocni-prazdniny\/","title":{"rendered":"V\u00c1NO\u010cN\u00cd PR\u00c1ZDNINY."},"content":{"rendered":"<p>Jesle Tyr\u0161ovo n\u00e1b\u0159e\u017e\u00ed 747 budou od 23.12. 2023 do 1.12. 2024 uzav\u0159eny. Provoz bude op\u011bt zah\u00e1jen 2.1.2024.<\/p>\n<p>&nbsp;<\/p>\n","protected":false},"excerpt":{"rendered":"<p>Jesle Tyr\u0161ovo n\u00e1b\u0159e\u017e\u00ed 747 budou od 23.12. 2023 do 1.12. 2024 uzav\u0159eny. Provoz bude op\u011bt zah\u00e1jen 2.1.2024. &nbsp;<\/p>\n","protected":false},"author":1,"featured_media":3389,"comment_status":"closed","ping_status":"closed","sticky":false,"template":"","format":"standard","meta":{"_uag_custom_page_level_css":"","footnotes":""},"categories":[5],"tags":[],"class_list":["post-3480","post","type-post","status-publish","format-standard","has-post-thumbnail","hentry","category-aktuality"],"uagb_featured_image_src":{"full":["https:\/\/jesle.zlin.eu\/tyrsovo-nabrezi\/wp-content\/uploads\/sites\/4\/site\/\/2\/IMG_2236.jpg",1155,866,false],"thumbnail":["https:\/\/jesle.zlin.eu\/tyrsovo-nabrezi\/wp-content\/uploads\/sites\/4\/site\/\/2\/IMG_2236-150x150.jpg",150,150,true],"medium":["https:\/\/jesle.zlin.eu\/tyrsovo-nabrezi\/wp-content\/uploads\/sites\/4\/site\/\/2\/IMG_2236-300x225.jpg",300,225,true],"medium_large":["https:\/\/jesle.zlin.eu\/tyrsovo-nabrezi\/wp-content\/uploads\/sites\/4\/site\/\/2\/IMG_2236-768x576.jpg",768,576,true],"large":["https:\/\/jesle.zlin.eu\/tyrsovo-nabrezi\/wp-content\/uploads\/sites\/4\/site\/\/2\/IMG_2236-1024x768.jpg",1024,768,true],"1536x1536":["https:\/\/jesle.zlin.eu\/tyrsovo-nabrezi\/wp-content\/uploads\/sites\/4\/site\/\/2\/IMG_2236.jpg",1155,866,false],"2048x2048":["https:\/\/jesle.zlin.eu\/tyrsovo-nabrezi\/wp-content\/uploads\/sites\/4\/site\/\/2\/IMG_2236.jpg",1155,866,false]},"uagb_author_info":{"display_name":"adminJesle","author_link":"https:\/\/jesle.zlin.eu\/tyrsovo-nabrezi\/author\/adminjesle\/"},"uagb_comment_info":0,"uagb_excerpt":"Jesle Tyr\u0161ovo n\u00e1b\u0159e\u017e\u00ed 747 budou od 23.12. 2023 do 1.12. 2024 uzav\u0159eny. Provoz bude op\u011bt zah\u00e1jen 2.1.2024. &nbsp;","_links":{"self":[{"href":"https:\/\/jesle.zlin.eu\/tyrsovo-nabrezi\/wp-json\/wp\/v2\/posts\/3480","targetHints":{"allow":["GET"]}}],"collection":[{"href":"https:\/\/jesle.zlin.eu\/tyrsovo-nabrezi\/wp-json\/wp\/v2\/posts"}],"about":[{"href":"https:\/\/jesle.zlin.eu\/tyrsovo-nabrezi\/wp-json\/wp\/v2\/types\/post"}],"author":[{"embeddable":true,"href":"https:\/\/jesle.zlin.eu\/tyrsovo-nabrezi\/wp-json\/wp\/v2\/users\/1"}],"replies":[{"embeddable":true,"href":"https:\/\/jesle.zlin.eu\/tyrsovo-nabrezi\/wp-json\/wp\/v2\/comments?post=3480"}],"version-history":[{"count":1,"href":"https:\/\/jesle.zlin.eu\/tyrsovo-nabrezi\/wp-json\/wp\/v2\/posts\/3480\/revisions"}],"predecessor-version":[{"id":4117,"href":"https:\/\/jesle.zlin.eu\/tyrsovo-nabrezi\/wp-json\/wp\/v2\/posts\/3480\/revisions\/4117"}],"wp:featuredmedia":[{"embeddable":true,"href":"https:\/\/jesle.zlin.eu\/tyrsovo-nabrezi\/wp-json\/wp\/v2\/media\/3389"}],"wp:attachment":[{"href":"https:\/\/jesle.zlin.eu\/tyrsovo-nabrezi\/wp-json\/wp\/v2\/media?parent=3480"}],"wp:term":[{"taxonomy":"category","embeddable":true,"href":"https:\/\/jesle.zlin.eu\/tyrsovo-nabrezi\/wp-json\/wp\/v2\/categories?post=3480"},{"taxonomy":"post_tag","embeddable":true,"href":"https:\/\/jesle.zlin.eu\/tyrsovo-nabrezi\/wp-json\/wp\/v2\/tags?post=3480"}],"curies":[{"name":"wp","href":"https:\/\/api.w.org\/{rel}","templated":true}]}}