{"id":3017,"date":"2022-05-25T10:30:43","date_gmt":"2022-05-25T08:30:43","guid":{"rendered":"https:\/\/jesle2.zlin.eu\/tyrsovo-nabrezi\/2022\/05\/25\/uzavreni-jeslicek-v-dobe-letnich-prazdnin\/"},"modified":"2025-03-19T10:14:23","modified_gmt":"2025-03-19T09:14:23","slug":"uzavreni-jeslicek-v-dobe-letnich-prazdnin","status":"publish","type":"post","link":"https:\/\/jesle.zlin.eu\/tyrsovo-nabrezi\/2022\/05\/25\/uzavreni-jeslicek-v-dobe-letnich-prazdnin\/","title":{"rendered":"UZAV\u0158EN\u00cd JESLI\u010cEK V DOB\u011a LETN\u00cdCH PR\u00c1ZDNIN"},"content":{"rendered":"<p><strong>V\u00c1\u017dEN\u00cd RODI\u010cE,<\/strong><\/p>\n<p>JESLE TYR\u0160OVO N\u00c1B\u0158E\u017d\u00cd 747 BUDOU V\u00a0DOB\u011a LETN\u00cdCH PR\u00c1ZDNIN UZAV\u0158ENY<\/p>\n<p>OD<strong> 1.8.2022 <\/strong>DO<strong> 21.8.2022.<\/strong><\/p>\n<p>PROVOZ BUDE OP\u011aT ZAH\u00c1JEN<\/p>\n<p><strong>22.8.2022.<\/strong><\/p>\n<p><!--more--><\/p>\n<p>&nbsp;<\/p>\n","protected":false},"excerpt":{"rendered":"<p>V\u00c1\u017dEN\u00cd RODI\u010cE, JESLE TYR\u0160OVO N\u00c1B\u0158E\u017d\u00cd 747 BUDOU V\u00a0DOB\u011a LETN\u00cdCH PR\u00c1ZDNIN UZAV\u0158ENY OD 1.8.2022 DO 21.8.2022. PROVOZ BUDE OP\u011aT ZAH\u00c1JEN 22.8.2022.<\/p>\n","protected":false},"author":1,"featured_media":3018,"comment_status":"closed","ping_status":"closed","sticky":false,"template":"","format":"standard","meta":{"_uag_custom_page_level_css":"","footnotes":""},"categories":[5],"tags":[],"class_list":["post-3017","post","type-post","status-publish","format-standard","has-post-thumbnail","hentry","category-aktuality"],"uagb_featured_image_src":{"full":["https:\/\/jesle.zlin.eu\/tyrsovo-nabrezi\/wp-content\/uploads\/sites\/4\/site\/\/2\/IMG_20220412_161314.jpg",1155,866,false],"thumbnail":["https:\/\/jesle.zlin.eu\/tyrsovo-nabrezi\/wp-content\/uploads\/sites\/4\/site\/\/2\/IMG_20220412_161314-150x150.jpg",150,150,true],"medium":["https:\/\/jesle.zlin.eu\/tyrsovo-nabrezi\/wp-content\/uploads\/sites\/4\/site\/\/2\/IMG_20220412_161314-300x225.jpg",300,225,true],"medium_large":["https:\/\/jesle.zlin.eu\/tyrsovo-nabrezi\/wp-content\/uploads\/sites\/4\/site\/\/2\/IMG_20220412_161314-768x576.jpg",768,576,true],"large":["https:\/\/jesle.zlin.eu\/tyrsovo-nabrezi\/wp-content\/uploads\/sites\/4\/site\/\/2\/IMG_20220412_161314-1024x768.jpg",1024,768,true],"1536x1536":["https:\/\/jesle.zlin.eu\/tyrsovo-nabrezi\/wp-content\/uploads\/sites\/4\/site\/\/2\/IMG_20220412_161314.jpg",1155,866,false],"2048x2048":["https:\/\/jesle.zlin.eu\/tyrsovo-nabrezi\/wp-content\/uploads\/sites\/4\/site\/\/2\/IMG_20220412_161314.jpg",1155,866,false]},"uagb_author_info":{"display_name":"adminJesle","author_link":"https:\/\/jesle.zlin.eu\/tyrsovo-nabrezi\/author\/adminjesle\/"},"uagb_comment_info":0,"uagb_excerpt":"V\u00c1\u017dEN\u00cd RODI\u010cE, JESLE TYR\u0160OVO N\u00c1B\u0158E\u017d\u00cd 747 BUDOU V\u00a0DOB\u011a LETN\u00cdCH PR\u00c1ZDNIN UZAV\u0158ENY OD 1.8.2022 DO 21.8.2022. PROVOZ BUDE OP\u011aT ZAH\u00c1JEN 22.8.2022.","_links":{"self":[{"href":"https:\/\/jesle.zlin.eu\/tyrsovo-nabrezi\/wp-json\/wp\/v2\/posts\/3017","targetHints":{"allow":["GET"]}}],"collection":[{"href":"https:\/\/jesle.zlin.eu\/tyrsovo-nabrezi\/wp-json\/wp\/v2\/posts"}],"about":[{"href":"https:\/\/jesle.zlin.eu\/tyrsovo-nabrezi\/wp-json\/wp\/v2\/types\/post"}],"author":[{"embeddable":true,"href":"https:\/\/jesle.zlin.eu\/tyrsovo-nabrezi\/wp-json\/wp\/v2\/users\/1"}],"replies":[{"embeddable":true,"href":"https:\/\/jesle.zlin.eu\/tyrsovo-nabrezi\/wp-json\/wp\/v2\/comments?post=3017"}],"version-history":[{"count":1,"href":"https:\/\/jesle.zlin.eu\/tyrsovo-nabrezi\/wp-json\/wp\/v2\/posts\/3017\/revisions"}],"predecessor-version":[{"id":4094,"href":"https:\/\/jesle.zlin.eu\/tyrsovo-nabrezi\/wp-json\/wp\/v2\/posts\/3017\/revisions\/4094"}],"wp:featuredmedia":[{"embeddable":true,"href":"https:\/\/jesle.zlin.eu\/tyrsovo-nabrezi\/wp-json\/wp\/v2\/media\/3018"}],"wp:attachment":[{"href":"https:\/\/jesle.zlin.eu\/tyrsovo-nabrezi\/wp-json\/wp\/v2\/media?parent=3017"}],"wp:term":[{"taxonomy":"category","embeddable":true,"href":"https:\/\/jesle.zlin.eu\/tyrsovo-nabrezi\/wp-json\/wp\/v2\/categories?post=3017"},{"taxonomy":"post_tag","embeddable":true,"href":"https:\/\/jesle.zlin.eu\/tyrsovo-nabrezi\/wp-json\/wp\/v2\/tags?post=3017"}],"curies":[{"name":"wp","href":"https:\/\/api.w.org\/{rel}","templated":true}]}}