{"id":282,"date":"2016-12-07T09:55:23","date_gmt":"2016-12-07T08:55:23","guid":{"rendered":"https:\/\/jesle2.zlin.eu\/tyrsovo-nabrezi\/2016\/12\/07\/uzavreni-provozu-v-dobe-vanocnich-svatku\/"},"modified":"2025-03-19T10:13:54","modified_gmt":"2025-03-19T09:13:54","slug":"uzavreni-provozu-v-dobe-vanocnich-svatku","status":"publish","type":"post","link":"https:\/\/jesle.zlin.eu\/tyrsovo-nabrezi\/2016\/12\/07\/uzavreni-provozu-v-dobe-vanocnich-svatku\/","title":{"rendered":"UZAV\u0158EN\u00cd PROVOZU V DOB\u011a V\u00c1NO\u010cN\u00cdCH SV\u00c1TK\u016e"},"content":{"rendered":"<p>Jesle\u00a0budou\u00a0uzav\u0159eny od p\u00e1tku 23.12. 2016 do\u00a0ned\u011ble 1.1. 2017. Provoz bude op\u011bt zah\u00e1jen v\u00a0pond\u011bl\u00ed\u00a0 2.1. 2017.<\/p>\n","protected":false},"excerpt":{"rendered":"<p>Jesle\u00a0budou\u00a0uzav\u0159eny od p\u00e1tku 23.12. 2016 do\u00a0ned\u011ble 1.1. 2017. Provoz bude op\u011bt zah\u00e1jen v\u00a0pond\u011bl\u00ed\u00a0 2.1. 2017.<\/p>\n","protected":false},"author":1,"featured_media":283,"comment_status":"closed","ping_status":"closed","sticky":false,"template":"","format":"standard","meta":{"_uag_custom_page_level_css":"","footnotes":""},"categories":[5],"tags":[],"class_list":["post-282","post","type-post","status-publish","format-standard","has-post-thumbnail","hentry","category-aktuality"],"uagb_featured_image_src":{"full":["https:\/\/jesle.zlin.eu\/tyrsovo-nabrezi\/wp-content\/uploads\/sites\/4\/site\/\/2\/P1060489-1.jpg",1155,866,false],"thumbnail":["https:\/\/jesle.zlin.eu\/tyrsovo-nabrezi\/wp-content\/uploads\/sites\/4\/site\/\/2\/P1060489-1-150x150.jpg",150,150,true],"medium":["https:\/\/jesle.zlin.eu\/tyrsovo-nabrezi\/wp-content\/uploads\/sites\/4\/site\/\/2\/P1060489-1-300x225.jpg",300,225,true],"medium_large":["https:\/\/jesle.zlin.eu\/tyrsovo-nabrezi\/wp-content\/uploads\/sites\/4\/site\/\/2\/P1060489-1-768x576.jpg",768,576,true],"large":["https:\/\/jesle.zlin.eu\/tyrsovo-nabrezi\/wp-content\/uploads\/sites\/4\/site\/\/2\/P1060489-1-1024x768.jpg",1024,768,true],"1536x1536":["https:\/\/jesle.zlin.eu\/tyrsovo-nabrezi\/wp-content\/uploads\/sites\/4\/site\/\/2\/P1060489-1.jpg",1155,866,false],"2048x2048":["https:\/\/jesle.zlin.eu\/tyrsovo-nabrezi\/wp-content\/uploads\/sites\/4\/site\/\/2\/P1060489-1.jpg",1155,866,false]},"uagb_author_info":{"display_name":"adminJesle","author_link":"https:\/\/jesle.zlin.eu\/tyrsovo-nabrezi\/author\/adminjesle\/"},"uagb_comment_info":0,"uagb_excerpt":"Jesle\u00a0budou\u00a0uzav\u0159eny od p\u00e1tku 23.12. 2016 do\u00a0ned\u011ble 1.1. 2017. Provoz bude op\u011bt zah\u00e1jen v\u00a0pond\u011bl\u00ed\u00a0 2.1. 2017.","_links":{"self":[{"href":"https:\/\/jesle.zlin.eu\/tyrsovo-nabrezi\/wp-json\/wp\/v2\/posts\/282","targetHints":{"allow":["GET"]}}],"collection":[{"href":"https:\/\/jesle.zlin.eu\/tyrsovo-nabrezi\/wp-json\/wp\/v2\/posts"}],"about":[{"href":"https:\/\/jesle.zlin.eu\/tyrsovo-nabrezi\/wp-json\/wp\/v2\/types\/post"}],"author":[{"embeddable":true,"href":"https:\/\/jesle.zlin.eu\/tyrsovo-nabrezi\/wp-json\/wp\/v2\/users\/1"}],"replies":[{"embeddable":true,"href":"https:\/\/jesle.zlin.eu\/tyrsovo-nabrezi\/wp-json\/wp\/v2\/comments?post=282"}],"version-history":[{"count":1,"href":"https:\/\/jesle.zlin.eu\/tyrsovo-nabrezi\/wp-json\/wp\/v2\/posts\/282\/revisions"}],"predecessor-version":[{"id":3972,"href":"https:\/\/jesle.zlin.eu\/tyrsovo-nabrezi\/wp-json\/wp\/v2\/posts\/282\/revisions\/3972"}],"wp:featuredmedia":[{"embeddable":true,"href":"https:\/\/jesle.zlin.eu\/tyrsovo-nabrezi\/wp-json\/wp\/v2\/media\/283"}],"wp:attachment":[{"href":"https:\/\/jesle.zlin.eu\/tyrsovo-nabrezi\/wp-json\/wp\/v2\/media?parent=282"}],"wp:term":[{"taxonomy":"category","embeddable":true,"href":"https:\/\/jesle.zlin.eu\/tyrsovo-nabrezi\/wp-json\/wp\/v2\/categories?post=282"},{"taxonomy":"post_tag","embeddable":true,"href":"https:\/\/jesle.zlin.eu\/tyrsovo-nabrezi\/wp-json\/wp\/v2\/tags?post=282"}],"curies":[{"name":"wp","href":"https:\/\/api.w.org\/{rel}","templated":true}]}}