{"id":4890,"date":"2025-12-16T10:53:30","date_gmt":"2025-12-16T09:53:30","guid":{"rendered":"https:\/\/jesle.zlin.eu\/m-knesla\/?p=4890"},"modified":"2026-04-20T09:07:44","modified_gmt":"2026-04-20T07:07:44","slug":"vazeni-rodice-od-22-12-2025-4-1-2026-jsou-jeslicky-uzavrene-otevreno-bude-5-1-2026","status":"publish","type":"post","link":"https:\/\/jesle.zlin.eu\/m-knesla\/2025\/12\/16\/vazeni-rodice-od-22-12-2025-4-1-2026-jsou-jeslicky-uzavrene-otevreno-bude-5-1-2026\/","title":{"rendered":"Prosinec"},"content":{"rendered":"\n<p><\/p>\n\n\n\n<h2 class=\"wp-block-heading\"><\/h2>\n\n\n\n<p>V\u00e1\u017een\u00ed rodi\u010de od 22.12.2025- 4.1.2026 jsou jesli\u010dky uzav\u0159en\u00e9. Otev\u0159eno bude 5.1.2026<\/p>\n\n\n\n<p><strong>P\u0159ejeme kr\u00e1sn\u00e9 V\u00e1noce a plno zdrav\u00ed a \u0161t\u011bst\u00ed v nov\u00e9m roce.<\/strong><\/p>\n\n\n\n<p><\/p>\n\n\n\n<p><\/p>\n\n\n\n<p><\/p>\n\n\n\n<p><\/p>\n\n\n\n<p><\/p>\n\n\n\n<p><\/p>\n\n\n\n<p><\/p>\n","protected":false},"excerpt":{"rendered":"<p>V\u00e1\u017een\u00ed rodi\u010de od 22.12.2025- 4.1.2026 jsou jesli\u010dky uzav\u0159en\u00e9. Otev\u0159eno bude 5.1.2026 P\u0159ejeme kr\u00e1sn\u00e9 V\u00e1noce a plno zdrav\u00ed a \u0161t\u011bst\u00ed v nov\u00e9m roce.<\/p>\n","protected":false},"author":7,"featured_media":4888,"comment_status":"open","ping_status":"open","sticky":false,"template":"","format":"standard","meta":{"_uag_custom_page_level_css":"","footnotes":""},"categories":[5],"tags":[],"class_list":["post-4890","post","type-post","status-publish","format-standard","has-post-thumbnail","hentry","category-aktuality"],"uagb_featured_image_src":{"full":["https:\/\/jesle.zlin.eu\/m-knesla\/wp-content\/uploads\/sites\/5\/2025\/12\/IMG_20251205_061753-scaled.jpg",1920,2560,false],"thumbnail":["https:\/\/jesle.zlin.eu\/m-knesla\/wp-content\/uploads\/sites\/5\/2025\/12\/IMG_20251205_061753-150x150.jpg",150,150,true],"medium":["https:\/\/jesle.zlin.eu\/m-knesla\/wp-content\/uploads\/sites\/5\/2025\/12\/IMG_20251205_061753-225x300.jpg",225,300,true],"medium_large":["https:\/\/jesle.zlin.eu\/m-knesla\/wp-content\/uploads\/sites\/5\/2025\/12\/IMG_20251205_061753-768x1024.jpg",768,1024,true],"large":["https:\/\/jesle.zlin.eu\/m-knesla\/wp-content\/uploads\/sites\/5\/2025\/12\/IMG_20251205_061753-768x1024.jpg",768,1024,true],"1536x1536":["https:\/\/jesle.zlin.eu\/m-knesla\/wp-content\/uploads\/sites\/5\/2025\/12\/IMG_20251205_061753-1152x1536.jpg",1152,1536,true],"2048x2048":["https:\/\/jesle.zlin.eu\/m-knesla\/wp-content\/uploads\/sites\/5\/2025\/12\/IMG_20251205_061753-1536x2048.jpg",1536,2048,true]},"uagb_author_info":{"display_name":"vedoucik","author_link":"https:\/\/jesle.zlin.eu\/m-knesla\/author\/vedoucik\/"},"uagb_comment_info":0,"uagb_excerpt":"V\u00e1\u017een\u00ed rodi\u010de od 22.12.2025- 4.1.2026 jsou jesli\u010dky uzav\u0159en\u00e9. Otev\u0159eno bude 5.1.2026 P\u0159ejeme kr\u00e1sn\u00e9 V\u00e1noce a plno zdrav\u00ed a \u0161t\u011bst\u00ed v nov\u00e9m roce.","_links":{"self":[{"href":"https:\/\/jesle.zlin.eu\/m-knesla\/wp-json\/wp\/v2\/posts\/4890","targetHints":{"allow":["GET"]}}],"collection":[{"href":"https:\/\/jesle.zlin.eu\/m-knesla\/wp-json\/wp\/v2\/posts"}],"about":[{"href":"https:\/\/jesle.zlin.eu\/m-knesla\/wp-json\/wp\/v2\/types\/post"}],"author":[{"embeddable":true,"href":"https:\/\/jesle.zlin.eu\/m-knesla\/wp-json\/wp\/v2\/users\/7"}],"replies":[{"embeddable":true,"href":"https:\/\/jesle.zlin.eu\/m-knesla\/wp-json\/wp\/v2\/comments?post=4890"}],"version-history":[{"count":6,"href":"https:\/\/jesle.zlin.eu\/m-knesla\/wp-json\/wp\/v2\/posts\/4890\/revisions"}],"predecessor-version":[{"id":5053,"href":"https:\/\/jesle.zlin.eu\/m-knesla\/wp-json\/wp\/v2\/posts\/4890\/revisions\/5053"}],"wp:featuredmedia":[{"embeddable":true,"href":"https:\/\/jesle.zlin.eu\/m-knesla\/wp-json\/wp\/v2\/media\/4888"}],"wp:attachment":[{"href":"https:\/\/jesle.zlin.eu\/m-knesla\/wp-json\/wp\/v2\/media?parent=4890"}],"wp:term":[{"taxonomy":"category","embeddable":true,"href":"https:\/\/jesle.zlin.eu\/m-knesla\/wp-json\/wp\/v2\/categories?post=4890"},{"taxonomy":"post_tag","embeddable":true,"href":"https:\/\/jesle.zlin.eu\/m-knesla\/wp-json\/wp\/v2\/tags?post=4890"}],"curies":[{"name":"wp","href":"https:\/\/api.w.org\/{rel}","templated":true}]}}