{"id":3344,"date":"2022-12-14T18:07:44","date_gmt":"2022-12-14T17:07:44","guid":{"rendered":"https:\/\/jesle2.zlin.eu\/m-knesla\/2022\/12\/14\/uzavreni-provozu-v-dobe-vanocnich-svatku\/"},"modified":"2025-03-19T10:49:51","modified_gmt":"2025-03-19T09:49:51","slug":"uzavreni-provozu-v-dobe-vanocnich-svatku","status":"publish","type":"post","link":"https:\/\/jesle.zlin.eu\/m-knesla\/2022\/12\/14\/uzavreni-provozu-v-dobe-vanocnich-svatku\/","title":{"rendered":"Uzav\u0159en\u00ed provozu v dob\u011b v\u00e1no\u010dn\u00edch sv\u00e1tk\u016f"},"content":{"rendered":"<p>V\u00e1\u017een\u00ed rodi\u010de,<\/p>\n<p>b\u011bhem nadch\u00e1zej\u00edch v\u00e1no\u010dn\u00edch sv\u00e1tk\u016f budou na\u0161e jesli\u010dky uzav\u0159eny v term\u00ednu <strong>23. 12. 2022 a\u017e 2. 1. 2023.<\/strong> Provoz bude op\u011bt zah\u00e1jen <strong>3. 1. 2023.<\/strong><\/p>\n<p>V\u0161em p\u0159ejeme kr\u00e1sn\u00e9 pro\u017eit\u00ed v\u00e1no\u010dn\u00edch sv\u00e1tk\u016f a hodn\u011b zdrav\u00ed a \u0161t\u011bst\u00ed v nov\u00e9m roce.<\/p>\n<p><a href=\"http:\/\/www.jesle.zlin.eu\/m-knesla\/wp-content\/uploads\/sites\/3\/2019\/12\/ozdoba-banka-snehulak-cervenozeleny-9x8x13-cm-sk.jpg\" rel=\"attachment wp-att-3724\"><img loading=\"lazy\" decoding=\"async\" class=\"alignnone size-medium wp-image-3724\" src=\"https:\/\/jesle.zlin.eu\/m-knesla\/wp-content\/uploads\/sites\/5\/site\/\/3\/ozdoba-banka-snehulak-cervenozeleny-9x8x13-cm-sk.jpg\" alt=\"ozdoba-banka-snehulak-cervenozeleny-9x8x13-cm-sk\" width=\"300\" height=\"300\" \/><\/a><\/p>\n","protected":false},"excerpt":{"rendered":"<p>V\u00e1\u017een\u00ed rodi\u010de, b\u011bhem nadch\u00e1zej\u00edch v\u00e1no\u010dn\u00edch sv\u00e1tk\u016f budou na\u0161e jesli\u010dky uzav\u0159eny v term\u00ednu 23. 12. 2022 a\u017e 2. 1. 2023. Provoz bude op\u011bt zah\u00e1jen 3. 1. 2023. V\u0161em p\u0159ejeme kr\u00e1sn\u00e9 pro\u017eit\u00ed v\u00e1no\u010dn\u00edch sv\u00e1tk\u016f a hodn\u011b zdrav\u00ed a \u0161t\u011bst\u00ed v nov\u00e9m roce.<\/p>\n","protected":false},"author":1,"featured_media":2832,"comment_status":"closed","ping_status":"closed","sticky":false,"template":"","format":"standard","meta":{"_uag_custom_page_level_css":"","footnotes":""},"categories":[5],"tags":[],"class_list":["post-3344","post","type-post","status-publish","format-standard","has-post-thumbnail","hentry","category-aktuality"],"uagb_featured_image_src":{"full":["https:\/\/jesle.zlin.eu\/m-knesla\/wp-content\/uploads\/sites\/5\/site\/\/3\/IMG_7062.jpg",1000,750,false],"thumbnail":["https:\/\/jesle.zlin.eu\/m-knesla\/wp-content\/uploads\/sites\/5\/site\/\/3\/IMG_7062-150x150.jpg",150,150,true],"medium":["https:\/\/jesle.zlin.eu\/m-knesla\/wp-content\/uploads\/sites\/5\/site\/\/3\/IMG_7062-300x225.jpg",300,225,true],"medium_large":["https:\/\/jesle.zlin.eu\/m-knesla\/wp-content\/uploads\/sites\/5\/site\/\/3\/IMG_7062-768x576.jpg",768,576,true],"large":["https:\/\/jesle.zlin.eu\/m-knesla\/wp-content\/uploads\/sites\/5\/site\/\/3\/IMG_7062.jpg",1000,750,false],"1536x1536":["https:\/\/jesle.zlin.eu\/m-knesla\/wp-content\/uploads\/sites\/5\/site\/\/3\/IMG_7062.jpg",1000,750,false],"2048x2048":["https:\/\/jesle.zlin.eu\/m-knesla\/wp-content\/uploads\/sites\/5\/site\/\/3\/IMG_7062.jpg",1000,750,false]},"uagb_author_info":{"display_name":"adminJesle","author_link":"https:\/\/jesle.zlin.eu\/m-knesla\/author\/adminjesle\/"},"uagb_comment_info":0,"uagb_excerpt":"V\u00e1\u017een\u00ed rodi\u010de, b\u011bhem nadch\u00e1zej\u00edch v\u00e1no\u010dn\u00edch sv\u00e1tk\u016f budou na\u0161e jesli\u010dky uzav\u0159eny v term\u00ednu 23. 12. 2022 a\u017e 2. 1. 2023. Provoz bude op\u011bt zah\u00e1jen 3. 1. 2023. V\u0161em p\u0159ejeme kr\u00e1sn\u00e9 pro\u017eit\u00ed v\u00e1no\u010dn\u00edch sv\u00e1tk\u016f a hodn\u011b zdrav\u00ed a \u0161t\u011bst\u00ed v nov\u00e9m roce.","_links":{"self":[{"href":"https:\/\/jesle.zlin.eu\/m-knesla\/wp-json\/wp\/v2\/posts\/3344","targetHints":{"allow":["GET"]}}],"collection":[{"href":"https:\/\/jesle.zlin.eu\/m-knesla\/wp-json\/wp\/v2\/posts"}],"about":[{"href":"https:\/\/jesle.zlin.eu\/m-knesla\/wp-json\/wp\/v2\/types\/post"}],"author":[{"embeddable":true,"href":"https:\/\/jesle.zlin.eu\/m-knesla\/wp-json\/wp\/v2\/users\/1"}],"replies":[{"embeddable":true,"href":"https:\/\/jesle.zlin.eu\/m-knesla\/wp-json\/wp\/v2\/comments?post=3344"}],"version-history":[{"count":1,"href":"https:\/\/jesle.zlin.eu\/m-knesla\/wp-json\/wp\/v2\/posts\/3344\/revisions"}],"predecessor-version":[{"id":4385,"href":"https:\/\/jesle.zlin.eu\/m-knesla\/wp-json\/wp\/v2\/posts\/3344\/revisions\/4385"}],"wp:featuredmedia":[{"embeddable":true,"href":"https:\/\/jesle.zlin.eu\/m-knesla\/wp-json\/wp\/v2\/media\/2832"}],"wp:attachment":[{"href":"https:\/\/jesle.zlin.eu\/m-knesla\/wp-json\/wp\/v2\/media?parent=3344"}],"wp:term":[{"taxonomy":"category","embeddable":true,"href":"https:\/\/jesle.zlin.eu\/m-knesla\/wp-json\/wp\/v2\/categories?post=3344"},{"taxonomy":"post_tag","embeddable":true,"href":"https:\/\/jesle.zlin.eu\/m-knesla\/wp-json\/wp\/v2\/tags?post=3344"}],"curies":[{"name":"wp","href":"https:\/\/api.w.org\/{rel}","templated":true}]}}