{"id":2058,"date":"2020-12-09T13:27:34","date_gmt":"2020-12-09T12:27:34","guid":{"rendered":"https:\/\/jesle2.zlin.eu\/m-knesla\/2019\/12\/05\/uzavreni-jeslicek-v-dobe-vanoc\/"},"modified":"2025-03-19T10:49:50","modified_gmt":"2025-03-19T09:49:50","slug":"uzavreni-jeslicek-v-dobe-vanoc-2","status":"publish","type":"post","link":"https:\/\/jesle.zlin.eu\/m-knesla\/2020\/12\/09\/uzavreni-jeslicek-v-dobe-vanoc-2\/","title":{"rendered":"Uzav\u0159en\u00ed jesli\u010dek v dob\u011b V\u00e1noc"},"content":{"rendered":"<p>V\u00e1\u017een\u00ed rodi\u010de,<\/p>\n<p>b\u011bhem nadch\u00e1zej\u00edc\u00edch v\u00e1no\u010dn\u00edch sv\u00e1tk\u016f budou na\u0161e jesli\u010dky uzav\u0159eny v term\u00ednu <strong>23. 12. 2020 &#8211; 3. 1. 2021.<br \/>\n<\/strong>Provoz bude op\u011bt zah\u00e1jen\u00a0<strong>4. 1. 2021<\/strong>.<\/p>\n<p>V\u0161em p\u0159ejeme kr\u00e1sn\u00e9 pro\u017eit\u00ed v\u00e1no\u010dn\u00edch sv\u00e1tk\u016f a \u0161\u0165astn\u00fd nov\u00fd rok 2021 \ud83d\ude42<\/p>\n<p><a href=\"http:\/\/www.jesle.zlin.eu\/m-knesla\/wp-content\/uploads\/sites\/3\/2019\/12\/ozdoba-banka-snehulak-cervenozeleny-9x8x13-cm-sk.jpg\" rel=\"attachment wp-att-3724\"><img loading=\"lazy\" decoding=\"async\" class=\"alignnone wp-image-3724 size-medium\" src=\"https:\/\/jesle.zlin.eu\/m-knesla\/wp-content\/uploads\/sites\/5\/site\/\/3\/ozdoba-banka-snehulak-cervenozeleny-9x8x13-cm-sk.jpg\" alt=\"\" width=\"300\" height=\"300\" \/><\/a><\/p>\n","protected":false},"excerpt":{"rendered":"<p>V\u00e1\u017een\u00ed rodi\u010de, b\u011bhem nadch\u00e1zej\u00edc\u00edch v\u00e1no\u010dn\u00edch sv\u00e1tk\u016f budou na\u0161e jesli\u010dky uzav\u0159eny v term\u00ednu 23. 12. 2020 &#8211; 3. 1. 2021. Provoz bude op\u011bt zah\u00e1jen\u00a04. 1. 2021. V\u0161em p\u0159ejeme kr\u00e1sn\u00e9 pro\u017eit\u00ed v\u00e1no\u010dn\u00edch sv\u00e1tk\u016f a \u0161\u0165astn\u00fd nov\u00fd rok 2021 \ud83d\ude42<\/p>\n","protected":false},"author":1,"featured_media":2435,"comment_status":"closed","ping_status":"closed","sticky":false,"template":"","format":"standard","meta":{"_uag_custom_page_level_css":"","footnotes":""},"categories":[5],"tags":[],"class_list":["post-2058","post","type-post","status-publish","format-standard","has-post-thumbnail","hentry","category-aktuality"],"uagb_featured_image_src":{"full":["https:\/\/jesle.zlin.eu\/m-knesla\/wp-content\/uploads\/sites\/5\/site\/\/3\/IMG_20201209_121154.jpg",750,1000,false],"thumbnail":["https:\/\/jesle.zlin.eu\/m-knesla\/wp-content\/uploads\/sites\/5\/site\/\/3\/IMG_20201209_121154-150x150.jpg",150,150,true],"medium":["https:\/\/jesle.zlin.eu\/m-knesla\/wp-content\/uploads\/sites\/5\/site\/\/3\/IMG_20201209_121154-225x300.jpg",225,300,true],"medium_large":["https:\/\/jesle.zlin.eu\/m-knesla\/wp-content\/uploads\/sites\/5\/site\/\/3\/IMG_20201209_121154.jpg",750,1000,false],"large":["https:\/\/jesle.zlin.eu\/m-knesla\/wp-content\/uploads\/sites\/5\/site\/\/3\/IMG_20201209_121154.jpg",750,1000,false],"1536x1536":["https:\/\/jesle.zlin.eu\/m-knesla\/wp-content\/uploads\/sites\/5\/site\/\/3\/IMG_20201209_121154.jpg",750,1000,false],"2048x2048":["https:\/\/jesle.zlin.eu\/m-knesla\/wp-content\/uploads\/sites\/5\/site\/\/3\/IMG_20201209_121154.jpg",750,1000,false]},"uagb_author_info":{"display_name":"adminJesle","author_link":"https:\/\/jesle.zlin.eu\/m-knesla\/author\/adminjesle\/"},"uagb_comment_info":0,"uagb_excerpt":"V\u00e1\u017een\u00ed rodi\u010de, b\u011bhem nadch\u00e1zej\u00edc\u00edch v\u00e1no\u010dn\u00edch sv\u00e1tk\u016f budou na\u0161e jesli\u010dky uzav\u0159eny v term\u00ednu 23. 12. 2020 &#8211; 3. 1. 2021. Provoz bude op\u011bt zah\u00e1jen\u00a04. 1. 2021. V\u0161em p\u0159ejeme kr\u00e1sn\u00e9 pro\u017eit\u00ed v\u00e1no\u010dn\u00edch sv\u00e1tk\u016f a \u0161\u0165astn\u00fd nov\u00fd rok 2021 \ud83d\ude42","_links":{"self":[{"href":"https:\/\/jesle.zlin.eu\/m-knesla\/wp-json\/wp\/v2\/posts\/2058","targetHints":{"allow":["GET"]}}],"collection":[{"href":"https:\/\/jesle.zlin.eu\/m-knesla\/wp-json\/wp\/v2\/posts"}],"about":[{"href":"https:\/\/jesle.zlin.eu\/m-knesla\/wp-json\/wp\/v2\/types\/post"}],"author":[{"embeddable":true,"href":"https:\/\/jesle.zlin.eu\/m-knesla\/wp-json\/wp\/v2\/users\/1"}],"replies":[{"embeddable":true,"href":"https:\/\/jesle.zlin.eu\/m-knesla\/wp-json\/wp\/v2\/comments?post=2058"}],"version-history":[{"count":1,"href":"https:\/\/jesle.zlin.eu\/m-knesla\/wp-json\/wp\/v2\/posts\/2058\/revisions"}],"predecessor-version":[{"id":2441,"href":"https:\/\/jesle.zlin.eu\/m-knesla\/wp-json\/wp\/v2\/posts\/2058\/revisions\/2441"}],"wp:featuredmedia":[{"embeddable":true,"href":"https:\/\/jesle.zlin.eu\/m-knesla\/wp-json\/wp\/v2\/media\/2435"}],"wp:attachment":[{"href":"https:\/\/jesle.zlin.eu\/m-knesla\/wp-json\/wp\/v2\/media?parent=2058"}],"wp:term":[{"taxonomy":"category","embeddable":true,"href":"https:\/\/jesle.zlin.eu\/m-knesla\/wp-json\/wp\/v2\/categories?post=2058"},{"taxonomy":"post_tag","embeddable":true,"href":"https:\/\/jesle.zlin.eu\/m-knesla\/wp-json\/wp\/v2\/tags?post=2058"}],"curies":[{"name":"wp","href":"https:\/\/api.w.org\/{rel}","templated":true}]}}