{"id":1383,"date":"2018-02-07T12:31:32","date_gmt":"2018-02-07T11:31:32","guid":{"rendered":"https:\/\/jesle2.zlin.eu\/m-knesla\/2018\/02\/07\/uzavreni-jesli-8-2-9-2-2018\/"},"modified":"2025-03-19T10:49:48","modified_gmt":"2025-03-19T09:49:48","slug":"uzavreni-jesli-8-2-9-2-2018","status":"publish","type":"post","link":"https:\/\/jesle.zlin.eu\/m-knesla\/2018\/02\/07\/uzavreni-jesli-8-2-9-2-2018\/","title":{"rendered":"UZAV\u0158EN\u00cd JESL\u00cd 8.2 &#8211; 9.2. 2018"},"content":{"rendered":"<p>Mil\u00ed rodi\u010de, v d\u016fsledku ch\u0159ipkov\u00e9 epidemie a vysok\u00e9 nemocnosti d\u011bt\u00ed, budou jesle, se souhlasem z\u0159izovatele, ve dnech 8.2. &#8211; 9.2. 2018 uzav\u0159eny. D\u011bkujeme za pochopen\u00ed.<\/p>\n","protected":false},"excerpt":{"rendered":"<p>Mil\u00ed rodi\u010de, v d\u016fsledku ch\u0159ipkov\u00e9 epidemie a vysok\u00e9 nemocnosti d\u011bt\u00ed, budou jesle, se souhlasem z\u0159izovatele, ve dnech 8.2. &#8211; 9.2. 2018 uzav\u0159eny. D\u011bkujeme za pochopen\u00ed.<\/p>\n","protected":false},"author":1,"featured_media":1384,"comment_status":"closed","ping_status":"closed","sticky":false,"template":"","format":"standard","meta":{"_uag_custom_page_level_css":"","footnotes":""},"categories":[5],"tags":[],"class_list":["post-1383","post","type-post","status-publish","format-standard","has-post-thumbnail","hentry","category-aktuality"],"uagb_featured_image_src":{"full":["https:\/\/jesle.zlin.eu\/m-knesla\/wp-content\/uploads\/sites\/5\/site\/\/3\/IMG_4365.jpg",1155,866,false],"thumbnail":["https:\/\/jesle.zlin.eu\/m-knesla\/wp-content\/uploads\/sites\/5\/site\/\/3\/IMG_4365-150x150.jpg",150,150,true],"medium":["https:\/\/jesle.zlin.eu\/m-knesla\/wp-content\/uploads\/sites\/5\/site\/\/3\/IMG_4365-300x225.jpg",300,225,true],"medium_large":["https:\/\/jesle.zlin.eu\/m-knesla\/wp-content\/uploads\/sites\/5\/site\/\/3\/IMG_4365-768x576.jpg",768,576,true],"large":["https:\/\/jesle.zlin.eu\/m-knesla\/wp-content\/uploads\/sites\/5\/site\/\/3\/IMG_4365-1024x768.jpg",1024,768,true],"1536x1536":["https:\/\/jesle.zlin.eu\/m-knesla\/wp-content\/uploads\/sites\/5\/site\/\/3\/IMG_4365.jpg",1155,866,false],"2048x2048":["https:\/\/jesle.zlin.eu\/m-knesla\/wp-content\/uploads\/sites\/5\/site\/\/3\/IMG_4365.jpg",1155,866,false]},"uagb_author_info":{"display_name":"adminJesle","author_link":"https:\/\/jesle.zlin.eu\/m-knesla\/author\/adminjesle\/"},"uagb_comment_info":0,"uagb_excerpt":"Mil\u00ed rodi\u010de, v d\u016fsledku ch\u0159ipkov\u00e9 epidemie a vysok\u00e9 nemocnosti d\u011bt\u00ed, budou jesle, se souhlasem z\u0159izovatele, ve dnech 8.2. &#8211; 9.2. 2018 uzav\u0159eny. D\u011bkujeme za pochopen\u00ed.","_links":{"self":[{"href":"https:\/\/jesle.zlin.eu\/m-knesla\/wp-json\/wp\/v2\/posts\/1383","targetHints":{"allow":["GET"]}}],"collection":[{"href":"https:\/\/jesle.zlin.eu\/m-knesla\/wp-json\/wp\/v2\/posts"}],"about":[{"href":"https:\/\/jesle.zlin.eu\/m-knesla\/wp-json\/wp\/v2\/types\/post"}],"author":[{"embeddable":true,"href":"https:\/\/jesle.zlin.eu\/m-knesla\/wp-json\/wp\/v2\/users\/1"}],"replies":[{"embeddable":true,"href":"https:\/\/jesle.zlin.eu\/m-knesla\/wp-json\/wp\/v2\/comments?post=1383"}],"version-history":[{"count":1,"href":"https:\/\/jesle.zlin.eu\/m-knesla\/wp-json\/wp\/v2\/posts\/1383\/revisions"}],"predecessor-version":[{"id":4321,"href":"https:\/\/jesle.zlin.eu\/m-knesla\/wp-json\/wp\/v2\/posts\/1383\/revisions\/4321"}],"wp:featuredmedia":[{"embeddable":true,"href":"https:\/\/jesle.zlin.eu\/m-knesla\/wp-json\/wp\/v2\/media\/1384"}],"wp:attachment":[{"href":"https:\/\/jesle.zlin.eu\/m-knesla\/wp-json\/wp\/v2\/media?parent=1383"}],"wp:term":[{"taxonomy":"category","embeddable":true,"href":"https:\/\/jesle.zlin.eu\/m-knesla\/wp-json\/wp\/v2\/categories?post=1383"},{"taxonomy":"post_tag","embeddable":true,"href":"https:\/\/jesle.zlin.eu\/m-knesla\/wp-json\/wp\/v2\/tags?post=1383"}],"curies":[{"name":"wp","href":"https:\/\/api.w.org\/{rel}","templated":true}]}}