{"id":1331,"date":"2017-12-11T09:41:53","date_gmt":"2017-12-11T08:41:53","guid":{"rendered":"https:\/\/jesle2.zlin.eu\/m-knesla\/2017\/12\/11\/preruseni-provozu-25-12-2017-2-1-2018\/"},"modified":"2025-03-19T10:49:48","modified_gmt":"2025-03-19T09:49:48","slug":"preruseni-provozu-25-12-2017-2-1-2018","status":"publish","type":"post","link":"https:\/\/jesle.zlin.eu\/m-knesla\/2017\/12\/11\/preruseni-provozu-25-12-2017-2-1-2018\/","title":{"rendered":"P\u0159eru\u0161en\u00ed provozu 25.12.2017 &#8211; 2.1.2018"},"content":{"rendered":"<p>Mil\u00ed rodi\u010de,<\/p>\n<p>b\u011bhem nadch\u00e1zej\u00edc\u00edch v\u00e1no\u010dn\u00edch sv\u00e1tk\u016f budou na\u0161e jesli\u010dky uzav\u0159eny od 25.12. do 2.1. 2018. V nov\u00e9m roce se na V\u00e1s budeme t\u011b\u0161it od st\u0159edy 3.1. 2018.<\/p>\n","protected":false},"excerpt":{"rendered":"<p>Mil\u00ed rodi\u010de, b\u011bhem nadch\u00e1zej\u00edc\u00edch v\u00e1no\u010dn\u00edch sv\u00e1tk\u016f budou na\u0161e jesli\u010dky uzav\u0159eny od 25.12. do 2.1. 2018. V nov\u00e9m roce se na V\u00e1s budeme t\u011b\u0161it od st\u0159edy 3.1. 2018.<\/p>\n","protected":false},"author":1,"featured_media":1332,"comment_status":"closed","ping_status":"closed","sticky":false,"template":"","format":"standard","meta":{"_uag_custom_page_level_css":"","footnotes":""},"categories":[5],"tags":[],"class_list":["post-1331","post","type-post","status-publish","format-standard","has-post-thumbnail","hentry","category-aktuality"],"uagb_featured_image_src":{"full":["https:\/\/jesle.zlin.eu\/m-knesla\/wp-content\/uploads\/sites\/5\/site\/\/3\/IMG_4273.jpg",866,1155,false],"thumbnail":["https:\/\/jesle.zlin.eu\/m-knesla\/wp-content\/uploads\/sites\/5\/site\/\/3\/IMG_4273-150x150.jpg",150,150,true],"medium":["https:\/\/jesle.zlin.eu\/m-knesla\/wp-content\/uploads\/sites\/5\/site\/\/3\/IMG_4273-225x300.jpg",225,300,true],"medium_large":["https:\/\/jesle.zlin.eu\/m-knesla\/wp-content\/uploads\/sites\/5\/site\/\/3\/IMG_4273-768x1024.jpg",768,1024,true],"large":["https:\/\/jesle.zlin.eu\/m-knesla\/wp-content\/uploads\/sites\/5\/site\/\/3\/IMG_4273-768x1024.jpg",768,1024,true],"1536x1536":["https:\/\/jesle.zlin.eu\/m-knesla\/wp-content\/uploads\/sites\/5\/site\/\/3\/IMG_4273.jpg",866,1155,false],"2048x2048":["https:\/\/jesle.zlin.eu\/m-knesla\/wp-content\/uploads\/sites\/5\/site\/\/3\/IMG_4273.jpg",866,1155,false]},"uagb_author_info":{"display_name":"adminJesle","author_link":"https:\/\/jesle.zlin.eu\/m-knesla\/author\/adminjesle\/"},"uagb_comment_info":0,"uagb_excerpt":"Mil\u00ed rodi\u010de, b\u011bhem nadch\u00e1zej\u00edc\u00edch v\u00e1no\u010dn\u00edch sv\u00e1tk\u016f budou na\u0161e jesli\u010dky uzav\u0159eny od 25.12. do 2.1. 2018. V nov\u00e9m roce se na V\u00e1s budeme t\u011b\u0161it od st\u0159edy 3.1. 2018.","_links":{"self":[{"href":"https:\/\/jesle.zlin.eu\/m-knesla\/wp-json\/wp\/v2\/posts\/1331","targetHints":{"allow":["GET"]}}],"collection":[{"href":"https:\/\/jesle.zlin.eu\/m-knesla\/wp-json\/wp\/v2\/posts"}],"about":[{"href":"https:\/\/jesle.zlin.eu\/m-knesla\/wp-json\/wp\/v2\/types\/post"}],"author":[{"embeddable":true,"href":"https:\/\/jesle.zlin.eu\/m-knesla\/wp-json\/wp\/v2\/users\/1"}],"replies":[{"embeddable":true,"href":"https:\/\/jesle.zlin.eu\/m-knesla\/wp-json\/wp\/v2\/comments?post=1331"}],"version-history":[{"count":1,"href":"https:\/\/jesle.zlin.eu\/m-knesla\/wp-json\/wp\/v2\/posts\/1331\/revisions"}],"predecessor-version":[{"id":4317,"href":"https:\/\/jesle.zlin.eu\/m-knesla\/wp-json\/wp\/v2\/posts\/1331\/revisions\/4317"}],"wp:featuredmedia":[{"embeddable":true,"href":"https:\/\/jesle.zlin.eu\/m-knesla\/wp-json\/wp\/v2\/media\/1332"}],"wp:attachment":[{"href":"https:\/\/jesle.zlin.eu\/m-knesla\/wp-json\/wp\/v2\/media?parent=1331"}],"wp:term":[{"taxonomy":"category","embeddable":true,"href":"https:\/\/jesle.zlin.eu\/m-knesla\/wp-json\/wp\/v2\/categories?post=1331"},{"taxonomy":"post_tag","embeddable":true,"href":"https:\/\/jesle.zlin.eu\/m-knesla\/wp-json\/wp\/v2\/tags?post=1331"}],"curies":[{"name":"wp","href":"https:\/\/api.w.org\/{rel}","templated":true}]}}